{"id":1099,"date":"2023-05-15T22:27:31","date_gmt":"2023-05-15T20:27:31","guid":{"rendered":"http:\/\/csu-hoechstadt.de\/?p=1099"},"modified":"2023-05-15T22:31:07","modified_gmt":"2023-05-15T20:31:07","slug":"buergerentscheid-ratsbegehren-haeckersteig","status":"publish","type":"post","link":"http:\/\/csu-hoechstadt.de\/?p=1099","title":{"rendered":"B\u00fcrgerentscheid \/ Ratsbegehren H\u00e4ckersteig"},"content":{"rendered":"\n<p style=\"text-align: justify;\">Liebe Mitb\u00fcrgerinnen, liebe Mitb\u00fcrger,<\/p>\n<p style=\"text-align: justify;\">am kommenden Sonntag, den 21. Mai 2023, findet die Abstimmung \u00fcber den B\u00fcrgerentscheid \u201eRettet den H\u00e4ckersteig\u201c und dem entsprechenden Ratsbegehren statt. Die Stimmberechtigten sollen dar\u00fcber entscheiden, ob das geplante Baugebiet im Bereich H\u00e4ckersteig so in den Fl\u00e4chennutzungsplan aufgenommen werden soll oder nicht.<\/p>\n<figure id=\"attachment_1097\" aria-describedby=\"caption-attachment-1097\" style=\"width: 550px\" class=\"wp-caption alignright\"><a href=\"http:\/\/csu-hoechstadt.de\/wp-content\/uploads\/2023\/05\/CSU_Ratsb_2023_1.jpg\" target=\"_blank\" rel=\"noopener\"><img fetchpriority=\"high\" decoding=\"async\" class=\"wp-image-1097\" src=\"http:\/\/csu-hoechstadt.de\/wp-content\/uploads\/2023\/05\/CSU_Ratsb_2023_1.jpg\" alt=\"\" width=\"550\" height=\"321\" srcset=\"http:\/\/csu-hoechstadt.de\/wp-content\/uploads\/2023\/05\/CSU_Ratsb_2023_1.jpg 802w, http:\/\/csu-hoechstadt.de\/wp-content\/uploads\/2023\/05\/CSU_Ratsb_2023_1-300x175.jpg 300w, http:\/\/csu-hoechstadt.de\/wp-content\/uploads\/2023\/05\/CSU_Ratsb_2023_1-768x448.jpg 768w\" sizes=\"(max-width: 550px) 100vw, 550px\" \/><\/a><figcaption id=\"caption-attachment-1097\" class=\"wp-caption-text\">Zuwachs an Baugebieten in den letzten 25 Jahren n\u00f6rdlich der Aisch (rot umrandet) Quelle: Google Earth<\/figcaption><\/figure>\n<p style=\"text-align: justify;\">Vorangegangen sind lange Diskussionen im H\u00f6chstadter Stadtrat. F\u00fcr uns von der CSU-Fraktion war klar, und das haben wir bereits bei unseren zahlreichen Terminen im Wahlkampf immer wieder betont, ein \u201eWeiter so\u201c wird es mit uns nicht geben. In den letzten 25 Jahren hat sich H\u00f6chstadt massiv in der Fl\u00e4che erweitert, bei nahezu konstanter Bev\u00f6lkerungszahl. Dies k\u00f6nnen wir uns auf Dauer nicht leisten. Die Ressource Boden ist endlich und viel zu wertvoll, um sie weiterhin unbegrenzt so sorglos zu versiegeln.<\/p>\n<p>\u00a0<\/p>\n<p style=\"text-align: justify;\"><br \/>Wir m\u00fcssen bereit sein, auch andere Strategien mit ins Auge zu fassen.<\/p>\n<ul style=\"text-align: justify;\">\n<li>Reaktivierung von Leerst\u00e4nden und Objekten in \u00e4lteren Wohngebieten, um \u201eGeistersiedlungen\u201c zu vermeiden.<\/li>\n<li>Aktivierung von freien Grundst\u00fccken in bestehenden Wohngebieten.<\/li>\n<li>Vertr\u00e4gliche und umsichtige Nachverdichtung.<\/li>\n<\/ul>\n<p style=\"text-align: justify;\">Dennoch ist es aus unserer Sicht notwendig, im Fl\u00e4chennutzungsplan eine Entwicklungsm\u00f6glichkeit f\u00fcr die n\u00e4chsten 15 bis 20 Jahre auch im Bereich der Baulandausweisung zu schaffen. Hier k\u00f6nnten dann auch Formen wie Quartierswohnen und fl\u00e4cheneffiziente Wohnformen wie Reihenhaussiedlungen oder Mehrfamilienh\u00e4user entstehen.<\/p>\n<p style=\"text-align: justify;\">Die urspr\u00fcnglich vom B\u00fcrgermeister vorgeschlagenen Planungen kamen f\u00fcr uns aber so nicht in Frage. In intensiven Gespr\u00e4chen konnten wir einen, aus unserer Sicht, guten und tragf\u00e4higen Kompromiss erstreiten. Die Fl\u00e4che wurde dabei auf etwa ein Drittel reduziert. In zahlreichen Gespr\u00e4chen mit Fachleuten wurden sensible Gebiete herausgearbeitet, die aus der Planung herausgenommen bzw. als Gr\u00fcnfl\u00e4chen deklariert wurden, damit deren Biotopcharakter erhalten bleibt. Die im Entwurf f\u00fcr den Fl\u00e4chennutzungsplan verbliebenen Baulandfl\u00e4chen sind Grundst\u00fccke mit \u00c4ckern, die bisher intensiv bewirtschaftet werden.<\/p>\n<figure id=\"attachment_1098\" aria-describedby=\"caption-attachment-1098\" style=\"width: 1024px\" class=\"wp-caption aligncenter\"><img decoding=\"async\" class=\"wp-image-1098 size-large\" src=\"http:\/\/csu-hoechstadt.de\/wp-content\/uploads\/2023\/05\/CSU_Ratsb_2023_2-1024x704.jpg\" alt=\"\" width=\"1024\" height=\"704\" srcset=\"http:\/\/csu-hoechstadt.de\/wp-content\/uploads\/2023\/05\/CSU_Ratsb_2023_2-1024x704.jpg 1024w, http:\/\/csu-hoechstadt.de\/wp-content\/uploads\/2023\/05\/CSU_Ratsb_2023_2-300x206.jpg 300w, http:\/\/csu-hoechstadt.de\/wp-content\/uploads\/2023\/05\/CSU_Ratsb_2023_2-768x528.jpg 768w, http:\/\/csu-hoechstadt.de\/wp-content\/uploads\/2023\/05\/CSU_Ratsb_2023_2.jpg 1384w\" sizes=\"(max-width: 1024px) 100vw, 1024px\" \/><figcaption id=\"caption-attachment-1098\" class=\"wp-caption-text\">Entwurf Fl\u00e4chennutzungsplan H\u00e4ckersteig \u2013 urspr\u00fcnglicher Vorschlag rot umrandet<\/figcaption><\/figure>\n<p>\u00a0<\/p>\n<p style=\"text-align: justify;\">Mit dieser Planung ist aus unserer Sicht eine vern\u00fcnftige Abw\u00e4gung zwischen dringend notwendigem Erhalt unserer wertvollen Kulturlandschaft und dem ma\u00dfvollen Ausweisen von Bauland gelungen.<\/p>\n<p style=\"text-align: justify;\">Sollte die Mehrheit am kommenden Sonntag allerdings der Meinung sein, eine Ausweisung von Bauland im H\u00e4ckersteig solle komplett unterbleiben, so wird dies auch nicht das Ende unserer sch\u00f6nen Heimatstadt bedeuten. Der von der \u201eRegierungsfraktion\u201c heraufbeschworene Stopp aller Aktivit\u00e4ten in H\u00f6chstadt bei negativem Ausgang kann mit dieser Entscheidung nicht in Verbindung gebracht werden. Die Sorge dar\u00fcber ist aber selbst verschuldet und mit einem Blick in den Haushalt sehr schnell nachvollziehbar \u2013 seit vielen Jahren finanziert der B\u00fcrgermeister einen nicht geringen Teil seines Haushaltes \u00fcber die Mehreinnahmen aus Grundst\u00fccksverk\u00e4ufen. Diese Einnahmequelle w\u00fcrde dann geringer ausfallen. Dies erkl\u00e4rt das starke Interesse des B\u00fcrgermeisters auf m\u00f6glichst gro\u00dfe Fl\u00e4chenausweisungen. Hier ist ein Umdenken zwingend notwendig. Eine Finanzierung des Haushaltes auf Kosten ungez\u00fcgelter Fl\u00e4chenversiegelung ist nicht zukunftsf\u00e4hig! Die Argumentation, dass ein erfolgreicher B\u00fcrgerentscheid zu einem Stopp bei geplanten Unterhaltungsma\u00dfnahmen an unserer Infrastruktur f\u00fchren w\u00fcrde, ist schon mehr als abenteuerlich, betrachtet man dabei den derzeitigen Sanierungsstau &#8211; und das bei den Millionen\u00fcbersch\u00fcssen der letzten Jahre!<\/p>\n<p style=\"text-align: justify;\">Unterst\u00fctzen Sie bitte am Sonntag das Ratsbegehren, das aus unserer Sicht einen gesunden Kompromiss zwischen ma\u00dfvoller Baulandentwicklung f\u00fcr die n\u00e4chsten 15 bis 20 Jahre und den Erhalt sch\u00fctzenswerter Fl\u00e4chen darstellt. Sollte der B\u00fcrgerentscheid dennoch erfolgreich verlaufen, so freuen wir uns darauf, diese \u00c4nderungsw\u00fcnsche in einem konstruktiven Austausch mit den Initiatoren in den Entwurf des Fl\u00e4chennutzungsplanes einzuarbeiten.<\/p>\n","protected":false},"excerpt":{"rendered":"<p>Liebe Mitb\u00fcrgerinnen, liebe Mitb\u00fcrger, am kommenden Sonntag, den 21. Mai 2023, findet die Abstimmung \u00fcber den B\u00fcrgerentscheid \u201eRettet den H\u00e4ckersteig\u201c und dem entsprechenden Ratsbegehren statt. Die Stimmberechtigten sollen dar\u00fcber entscheiden, [&hellip;]<\/p>\n","protected":false},"author":1,"featured_media":0,"comment_status":"closed","ping_status":"open","sticky":false,"template":"","format":"standard","meta":{"ocean_post_layout":"","ocean_both_sidebars_style":"","ocean_both_sidebars_content_width":0,"ocean_both_sidebars_sidebars_width":0,"ocean_sidebar":"0","ocean_second_sidebar":"0","ocean_disable_margins":"enable","ocean_add_body_class":"","ocean_shortcode_before_top_bar":"","ocean_shortcode_after_top_bar":"","ocean_shortcode_before_header":"","ocean_shortcode_after_header":"","ocean_has_shortcode":"","ocean_shortcode_after_title":"","ocean_shortcode_before_footer_widgets":"","ocean_shortcode_after_footer_widgets":"","ocean_shortcode_before_footer_bottom":"","ocean_shortcode_after_footer_bottom":"","ocean_display_top_bar":"default","ocean_display_header":"default","ocean_header_style":"","ocean_center_header_left_menu":"0","ocean_custom_header_template":"0","ocean_custom_logo":0,"ocean_custom_retina_logo":0,"ocean_custom_logo_max_width":0,"ocean_custom_logo_tablet_max_width":0,"ocean_custom_logo_mobile_max_width":0,"ocean_custom_logo_max_height":0,"ocean_custom_logo_tablet_max_height":0,"ocean_custom_logo_mobile_max_height":0,"ocean_header_custom_menu":"0","ocean_menu_typo_font_family":"0","ocean_menu_typo_font_subset":"","ocean_menu_typo_font_size":0,"ocean_menu_typo_font_size_tablet":0,"ocean_menu_typo_font_size_mobile":0,"ocean_menu_typo_font_size_unit":"px","ocean_menu_typo_font_weight":"","ocean_menu_typo_font_weight_tablet":"","ocean_menu_typo_font_weight_mobile":"","ocean_menu_typo_transform":"","ocean_menu_typo_transform_tablet":"","ocean_menu_typo_transform_mobile":"","ocean_menu_typo_line_height":0,"ocean_menu_typo_line_height_tablet":0,"ocean_menu_typo_line_height_mobile":0,"ocean_menu_typo_line_height_unit":"","ocean_menu_typo_spacing":0,"ocean_menu_typo_spacing_tablet":0,"ocean_menu_typo_spacing_mobile":0,"ocean_menu_typo_spacing_unit":"","ocean_menu_link_color":"","ocean_menu_link_color_hover":"","ocean_menu_link_color_active":"","ocean_menu_link_background":"","ocean_menu_link_hover_background":"","ocean_menu_link_active_background":"","ocean_menu_social_links_bg":"","ocean_menu_social_hover_links_bg":"","ocean_menu_social_links_color":"","ocean_menu_social_hover_links_color":"","ocean_disable_title":"default","ocean_disable_heading":"default","ocean_post_title":"","ocean_post_subheading":"","ocean_post_title_style":"","ocean_post_title_background_color":"","ocean_post_title_background":0,"ocean_post_title_bg_image_position":"","ocean_post_title_bg_image_attachment":"","ocean_post_title_bg_image_repeat":"","ocean_post_title_bg_image_size":"","ocean_post_title_height":0,"ocean_post_title_bg_overlay":0.5,"ocean_post_title_bg_overlay_color":"","ocean_disable_breadcrumbs":"default","ocean_breadcrumbs_color":"","ocean_breadcrumbs_separator_color":"","ocean_breadcrumbs_links_color":"","ocean_breadcrumbs_links_hover_color":"","ocean_display_footer_widgets":"default","ocean_display_footer_bottom":"default","ocean_custom_footer_template":"0","ocean_post_oembed":"","ocean_post_self_hosted_media":"","ocean_post_video_embed":"","ocean_link_format":"","ocean_link_format_target":"self","ocean_quote_format":"","ocean_quote_format_link":"post","ocean_gallery_link_images":"off","ocean_gallery_id":[],"footnotes":""},"categories":[1],"tags":[],"class_list":["post-1099","post","type-post","status-publish","format-standard","hentry","category-uncategorized","entry"],"_links":{"self":[{"href":"http:\/\/csu-hoechstadt.de\/index.php?rest_route=\/wp\/v2\/posts\/1099","targetHints":{"allow":["GET"]}}],"collection":[{"href":"http:\/\/csu-hoechstadt.de\/index.php?rest_route=\/wp\/v2\/posts"}],"about":[{"href":"http:\/\/csu-hoechstadt.de\/index.php?rest_route=\/wp\/v2\/types\/post"}],"author":[{"embeddable":true,"href":"http:\/\/csu-hoechstadt.de\/index.php?rest_route=\/wp\/v2\/users\/1"}],"replies":[{"embeddable":true,"href":"http:\/\/csu-hoechstadt.de\/index.php?rest_route=%2Fwp%2Fv2%2Fcomments&post=1099"}],"version-history":[{"count":11,"href":"http:\/\/csu-hoechstadt.de\/index.php?rest_route=\/wp\/v2\/posts\/1099\/revisions"}],"predecessor-version":[{"id":1110,"href":"http:\/\/csu-hoechstadt.de\/index.php?rest_route=\/wp\/v2\/posts\/1099\/revisions\/1110"}],"wp:attachment":[{"href":"http:\/\/csu-hoechstadt.de\/index.php?rest_route=%2Fwp%2Fv2%2Fmedia&parent=1099"}],"wp:term":[{"taxonomy":"category","embeddable":true,"href":"http:\/\/csu-hoechstadt.de\/index.php?rest_route=%2Fwp%2Fv2%2Fcategories&post=1099"},{"taxonomy":"post_tag","embeddable":true,"href":"http:\/\/csu-hoechstadt.de\/index.php?rest_route=%2Fwp%2Fv2%2Ftags&post=1099"}],"curies":[{"name":"wp","href":"https:\/\/api.w.org\/{rel}","templated":true}]}}